{"id":7643,"date":"2023-12-28T10:26:45","date_gmt":"2023-12-28T09:26:45","guid":{"rendered":"https:\/\/dwm.uksw.edu.pl\/?p=7643"},"modified":"2023-12-28T10:36:09","modified_gmt":"2023-12-28T09:36:09","slug":"kamil-strzepek-phd-at-university-of-osnabruck","status":"publish","type":"post","link":"https:\/\/dwm.uksw.edu.pl\/en\/2023\/12\/28\/kamil-strzepek-phd-at-university-of-osnabruck\/","title":{"rendered":"Kamil Strz\u0119pek, PhD at University of Osnabr\u00fcck"},"content":{"rendered":"\n<p><strong>Report from the mobility of Kamil Strz\u0119pek, PhD from Faculty of Law and Administration, at University of Osnabr\u00fcck<\/strong><\/p>\n\n\n\n<p>In June 2023 I had a great plasure to participate in Erasmus+ programme for academic teachers &#8211;&nbsp; Staff Mobility for Teaching.<\/p>\n\n\n\n<p>My mobility took place at the Faculty of Law of University of Osnabr\u00fcck in northwestern Germany. The University, founded in 1974, is a young, vibrant research centre, which is famous for research and teaching, among others, in the field of law.<\/p>\n\n\n\n<p>The unit that hosted me during my stay was <em>European Legal Studies Institute, which provides research on European Union law, the legal orders of the European Union member countries and the mutual relations between these two levels.<\/em><em><\/em><\/p>\n\n\n\n<p><em>During my stay I was providing lectures on human rights and compar<\/em><em>a<\/em><em>tive constitutional law. <\/em><em><\/em><\/p>\n\n\n\n<p><em>Big pleasure for me was participating in a doctoral seminar led by prof. Oliver <\/em>D\u00f6rr \u2013 the dean of faculty of law of hiosted University. During the seminar I gave a short presentation. Moreover, I was honoured of giving the university-wide guest lecture entitled <em>\u201eCyberspace as&nbsp;a&nbsp;challenge to&nbsp;International Law\u201d.<\/em><em><\/em><\/p>\n\n\n\n<p><em>Oportunity of comparison the way classes are conducted in Germany and in Poland was undoubtly huge advantage of my mobility. Me and academic staff of the University of <\/em>Osnabr\u00fcck<em> could exchange&nbsp; experiences in this matter.<\/em><em><\/em> Convenient location of Osnabr\u00fcck also allowed me to visit nearby cities of M\u00fcnster and Brema.<\/p>\n\n\n\n<figure class=\"wp-block-image size-large\"><img loading=\"lazy\" decoding=\"async\" width=\"1024\" height=\"768\" src=\"https:\/\/dwm.uksw.edu.pl\/wp-content\/uploads\/sites\/24\/2023\/12\/ze-studentami-1-1024x768.jpeg\" alt=\"\" class=\"wp-image-7589\" srcset=\"https:\/\/dwm.uksw.edu.pl\/wp-content\/uploads\/sites\/24\/2023\/12\/ze-studentami-1-1024x768.jpeg 1024w, https:\/\/dwm.uksw.edu.pl\/wp-content\/uploads\/sites\/24\/2023\/12\/ze-studentami-1-300x225.jpeg 300w, https:\/\/dwm.uksw.edu.pl\/wp-content\/uploads\/sites\/24\/2023\/12\/ze-studentami-1-768x576.jpeg 768w, https:\/\/dwm.uksw.edu.pl\/wp-content\/uploads\/sites\/24\/2023\/12\/ze-studentami-1-1536x1152.jpeg 1536w, https:\/\/dwm.uksw.edu.pl\/wp-content\/uploads\/sites\/24\/2023\/12\/ze-studentami-1-2048x1536.jpeg 2048w\" sizes=\"auto, (max-width: 1024px) 100vw, 1024px\" \/><\/figure>\n\n\n\n<p>Kamil Strz\u0119pek, PhD, with University of Osnabr\u00fcck students.<\/p>\n\n\n\n<figure class=\"wp-block-image size-large\"><img loading=\"lazy\" decoding=\"async\" width=\"1024\" height=\"768\" src=\"https:\/\/dwm.uksw.edu.pl\/wp-content\/uploads\/sites\/24\/2023\/12\/wyklad-1024x768.jpeg\" alt=\"\" class=\"wp-image-7592\" srcset=\"https:\/\/dwm.uksw.edu.pl\/wp-content\/uploads\/sites\/24\/2023\/12\/wyklad-1024x768.jpeg 1024w, https:\/\/dwm.uksw.edu.pl\/wp-content\/uploads\/sites\/24\/2023\/12\/wyklad-300x225.jpeg 300w, https:\/\/dwm.uksw.edu.pl\/wp-content\/uploads\/sites\/24\/2023\/12\/wyklad-768x576.jpeg 768w, https:\/\/dwm.uksw.edu.pl\/wp-content\/uploads\/sites\/24\/2023\/12\/wyklad-1536x1152.jpeg 1536w, https:\/\/dwm.uksw.edu.pl\/wp-content\/uploads\/sites\/24\/2023\/12\/wyklad-2048x1536.jpeg 2048w\" sizes=\"auto, (max-width: 1024px) 100vw, 1024px\" \/><\/figure>\n\n\n\n<p>Kamil Strz\u0119pek, PhD, during the lecture at University of Osnabr\u00fcck.<\/p>\n\n\n\n<figure class=\"wp-block-image size-large\"><img loading=\"lazy\" decoding=\"async\" width=\"1024\" height=\"768\" src=\"https:\/\/dwm.uksw.edu.pl\/wp-content\/uploads\/sites\/24\/2023\/12\/z-prof-Oliverem-Dorrem-1-1024x768.jpeg\" alt=\"\" class=\"wp-image-7600\" srcset=\"https:\/\/dwm.uksw.edu.pl\/wp-content\/uploads\/sites\/24\/2023\/12\/z-prof-Oliverem-Dorrem-1-1024x768.jpeg 1024w, https:\/\/dwm.uksw.edu.pl\/wp-content\/uploads\/sites\/24\/2023\/12\/z-prof-Oliverem-Dorrem-1-300x225.jpeg 300w, https:\/\/dwm.uksw.edu.pl\/wp-content\/uploads\/sites\/24\/2023\/12\/z-prof-Oliverem-Dorrem-1-768x576.jpeg 768w, https:\/\/dwm.uksw.edu.pl\/wp-content\/uploads\/sites\/24\/2023\/12\/z-prof-Oliverem-Dorrem-1-1536x1152.jpeg 1536w, https:\/\/dwm.uksw.edu.pl\/wp-content\/uploads\/sites\/24\/2023\/12\/z-prof-Oliverem-Dorrem-1-2048x1536.jpeg 2048w\" sizes=\"auto, (max-width: 1024px) 100vw, 1024px\" \/><\/figure>\n\n\n\n<p>Frome the left: Prof. Oliver D\u00f6rr, PhD &#8211; dean of Faculty of Law at University of Osnabr\u00fcck, Kamil Strz\u0119pek, PhD &#8211; Faculty of Law and Administration, UKSW in Warsaw.<\/p>\n\n\n\n<figure class=\"wp-block-image size-large\"><img loading=\"lazy\" decoding=\"async\" width=\"1024\" height=\"872\" src=\"https:\/\/dwm.uksw.edu.pl\/wp-content\/uploads\/sites\/24\/2023\/12\/dr-Matt-LeMieux-1-1024x872.png\" alt=\"\" class=\"wp-image-7604\" srcset=\"https:\/\/dwm.uksw.edu.pl\/wp-content\/uploads\/sites\/24\/2023\/12\/dr-Matt-LeMieux-1-1024x872.png 1024w, https:\/\/dwm.uksw.edu.pl\/wp-content\/uploads\/sites\/24\/2023\/12\/dr-Matt-LeMieux-1-300x255.png 300w, https:\/\/dwm.uksw.edu.pl\/wp-content\/uploads\/sites\/24\/2023\/12\/dr-Matt-LeMieux-1-768x654.png 768w, https:\/\/dwm.uksw.edu.pl\/wp-content\/uploads\/sites\/24\/2023\/12\/dr-Matt-LeMieux-1.png 1108w\" sizes=\"auto, (max-width: 1024px) 100vw, 1024px\" \/><\/figure>\n\n\n\n<p>From the left: Kamil Strz\u0119pek, PhD &#8211; Faculty of Law and Administration, UKSW in Warsaw, Matt LeMieux, PhD (International Affairs Coordinator; lecturer of american law) from University of Osnabr\u00fcck.<\/p>\n\n\n\n<figure class=\"wp-block-image size-large\"><img loading=\"lazy\" decoding=\"async\" width=\"1024\" height=\"768\" src=\"https:\/\/dwm.uksw.edu.pl\/wp-content\/uploads\/sites\/24\/2023\/12\/z-prof-Janem-Osterem-1024x768.jpeg\" alt=\"\" class=\"wp-image-7602\" srcset=\"https:\/\/dwm.uksw.edu.pl\/wp-content\/uploads\/sites\/24\/2023\/12\/z-prof-Janem-Osterem-1024x768.jpeg 1024w, https:\/\/dwm.uksw.edu.pl\/wp-content\/uploads\/sites\/24\/2023\/12\/z-prof-Janem-Osterem-300x225.jpeg 300w, https:\/\/dwm.uksw.edu.pl\/wp-content\/uploads\/sites\/24\/2023\/12\/z-prof-Janem-Osterem-768x576.jpeg 768w, https:\/\/dwm.uksw.edu.pl\/wp-content\/uploads\/sites\/24\/2023\/12\/z-prof-Janem-Osterem-1536x1152.jpeg 1536w, https:\/\/dwm.uksw.edu.pl\/wp-content\/uploads\/sites\/24\/2023\/12\/z-prof-Janem-Osterem-2048x1536.jpeg 2048w\" sizes=\"auto, (max-width: 1024px) 100vw, 1024px\" \/><\/figure>\n\n\n\n<p>From the left: Kamil Strz\u0119pek, PhD &#8211; Faculty of Law and Administration, UKSW in Warsaw, Prof. Jan Oster, PhD from University of Osnabr\u00fcck<\/p>\n","protected":false},"excerpt":{"rendered":"<p>Report from the mobility of Kamil Strz\u0119pek, PhD from Faculty of Law and Administration, at University of Osnabr\u00fcck In June 2023 I had a great plasure to participate in Erasmus+ programme for academic teachers &#8211;&nbsp; Staff Mobility for Teaching. My mobility took place at the Faculty of Law of University of Osnabr\u00fcck in northwestern Germany. [&hellip;]<\/p>\n","protected":false},"author":595,"featured_media":7607,"comment_status":"closed","ping_status":"closed","sticky":false,"template":"","format":"standard","meta":{"_acf_changed":false,"inline_featured_image":false,"footnotes":"","_links_to":"","_links_to_target":""},"categories":[19],"tags":[],"class_list":["post-7643","post","type-post","status-publish","format-standard","has-post-thumbnail","hentry","category-news"],"acf":[],"_links":{"self":[{"href":"https:\/\/dwm.uksw.edu.pl\/en\/wp-json\/wp\/v2\/posts\/7643","targetHints":{"allow":["GET"]}}],"collection":[{"href":"https:\/\/dwm.uksw.edu.pl\/en\/wp-json\/wp\/v2\/posts"}],"about":[{"href":"https:\/\/dwm.uksw.edu.pl\/en\/wp-json\/wp\/v2\/types\/post"}],"author":[{"embeddable":true,"href":"https:\/\/dwm.uksw.edu.pl\/en\/wp-json\/wp\/v2\/users\/595"}],"replies":[{"embeddable":true,"href":"https:\/\/dwm.uksw.edu.pl\/en\/wp-json\/wp\/v2\/comments?post=7643"}],"version-history":[{"count":4,"href":"https:\/\/dwm.uksw.edu.pl\/en\/wp-json\/wp\/v2\/posts\/7643\/revisions"}],"predecessor-version":[{"id":7648,"href":"https:\/\/dwm.uksw.edu.pl\/en\/wp-json\/wp\/v2\/posts\/7643\/revisions\/7648"}],"wp:featuredmedia":[{"embeddable":true,"href":"https:\/\/dwm.uksw.edu.pl\/en\/wp-json\/wp\/v2\/media\/7607"}],"wp:attachment":[{"href":"https:\/\/dwm.uksw.edu.pl\/en\/wp-json\/wp\/v2\/media?parent=7643"}],"wp:term":[{"taxonomy":"category","embeddable":true,"href":"https:\/\/dwm.uksw.edu.pl\/en\/wp-json\/wp\/v2\/categories?post=7643"},{"taxonomy":"post_tag","embeddable":true,"href":"https:\/\/dwm.uksw.edu.pl\/en\/wp-json\/wp\/v2\/tags?post=7643"}],"curies":[{"name":"wp","href":"https:\/\/api.w.org\/{rel}","templated":true}]}}